{"id":1230,"date":"2016-10-18T18:17:40","date_gmt":"2016-10-18T21:17:40","guid":{"rendered":"https:\/\/ciudadcervantina.org.ar\/v2016\/?p=1230"},"modified":"2016-10-27T13:34:11","modified_gmt":"2016-10-27T16:34:11","slug":"inauguracion-de-en-un-lugar-de-la-mancha-muestra-de-obras-de-muralistas-argentinos","status":"publish","type":"post","link":"https:\/\/ciudadcervantina.org.ar\/v2016\/inauguracion-de-en-un-lugar-de-la-mancha-muestra-de-obras-de-muralistas-argentinos\/","title":{"rendered":"Inauguraci\u00f3n de \u201cEn un lugar de La Mancha\u201d, Muestra de Obras de Muralistas Argentinos"},"content":{"rendered":"<p>En el marco del 1er. Encuentro de Muralismo y Arte p\u00fablico, se desarrollar\u00e1 esta muestra de obras de peque\u00f1o formato, a modo de recorrido por las distintas trayectorias y b\u00fasquedas art\u00edsticas de los y las artistas participantes, exponentes nacionales y referentes del arte p\u00fablico. Los muralistas permanecer\u00e1n 7 d\u00edas en la ciudad, dejando su impronta y arte en espacios p\u00fablicos azule\u00f1os.<\/p>\n<p>Con el objetivo de contextualizar su trabajo y horizontes, como as\u00ed tambi\u00e9n para dar a conocer sus producciones, se plantea la necesidad de gestar este espacio de intercambio entre las obras, los y las productores\/as y la ciudadan\u00eda, a qui\u00e9n se la invita a ser parte de esta iniciativa desde la inauguraci\u00f3n, como as\u00ed tambi\u00e9n durante el transcurrir de la misma.<\/p>\n<p>Los artistas vienen desde distintos puntos del pa\u00eds.<\/p>\n<p>La muestra permanecer\u00e1 abierta del 3 al 9\/11.<\/p>\n<p>Coordinador: Mart\u00edn Meza \/ Momento musical: Kevin Erasun<\/p>\n","protected":false},"excerpt":{"rendered":"<p>En el marco del 1er. Encuentro de Muralismo y Arte p\u00fablico, se desarrollar\u00e1 esta muestra de obras de peque\u00f1o formato, a modo de recorrido por las distintas trayectorias y b\u00fasquedas&hellip;<\/p>\n","protected":false},"author":11,"featured_media":1637,"comment_status":"closed","ping_status":"closed","sticky":false,"template":"","format":"standard","meta":{"_acf_changed":false,"footnotes":""},"categories":[44],"tags":[],"class_list":["post-1230","post","type-post","status-publish","format-standard","has-post-thumbnail","hentry","category-festival-2016"],"acf":[],"_links":{"self":[{"href":"https:\/\/ciudadcervantina.org.ar\/v2016\/wp-json\/wp\/v2\/posts\/1230","targetHints":{"allow":["GET"]}}],"collection":[{"href":"https:\/\/ciudadcervantina.org.ar\/v2016\/wp-json\/wp\/v2\/posts"}],"about":[{"href":"https:\/\/ciudadcervantina.org.ar\/v2016\/wp-json\/wp\/v2\/types\/post"}],"author":[{"embeddable":true,"href":"https:\/\/ciudadcervantina.org.ar\/v2016\/wp-json\/wp\/v2\/users\/11"}],"replies":[{"embeddable":true,"href":"https:\/\/ciudadcervantina.org.ar\/v2016\/wp-json\/wp\/v2\/comments?post=1230"}],"version-history":[{"count":1,"href":"https:\/\/ciudadcervantina.org.ar\/v2016\/wp-json\/wp\/v2\/posts\/1230\/revisions"}],"predecessor-version":[{"id":1231,"href":"https:\/\/ciudadcervantina.org.ar\/v2016\/wp-json\/wp\/v2\/posts\/1230\/revisions\/1231"}],"wp:featuredmedia":[{"embeddable":true,"href":"https:\/\/ciudadcervantina.org.ar\/v2016\/wp-json\/wp\/v2\/media\/1637"}],"wp:attachment":[{"href":"https:\/\/ciudadcervantina.org.ar\/v2016\/wp-json\/wp\/v2\/media?parent=1230"}],"wp:term":[{"taxonomy":"category","embeddable":true,"href":"https:\/\/ciudadcervantina.org.ar\/v2016\/wp-json\/wp\/v2\/categories?post=1230"},{"taxonomy":"post_tag","embeddable":true,"href":"https:\/\/ciudadcervantina.org.ar\/v2016\/wp-json\/wp\/v2\/tags?post=1230"}],"curies":[{"name":"wp","href":"https:\/\/api.w.org\/{rel}","templated":true}]}}