{"id":1339,"date":"2016-10-19T22:29:13","date_gmt":"2016-10-20T01:29:13","guid":{"rendered":"https:\/\/ciudadcervantina.org.ar\/v2016\/?p=1339"},"modified":"2016-11-09T13:18:15","modified_gmt":"2016-11-09T16:18:15","slug":"presentacion-del-libro-apuntes-sobre-el-mundo-de-don-quijote-de-alfonso-mateo-sagasta","status":"publish","type":"post","link":"https:\/\/ciudadcervantina.org.ar\/v2016\/presentacion-del-libro-apuntes-sobre-el-mundo-de-don-quijote-de-alfonso-mateo-sagasta\/","title":{"rendered":"Presentaci\u00f3n del Libro APUNTES SOBRE EL MUNDO DE DON QUIJOTE de Alfonso Mateo Sagasta"},"content":{"rendered":"<p>El tiempo que le habr\u00eda tocado vivir a don Alonso Quijano, de haber existido, fue el primer cuarto del siglo XVII, en pleno reinado de Felipe III, bajo el gobierno del Duque de Lerma, un periodo que se ha dado en llamar la Pax Hisp\u00e1nica. Una \u00e9poca apasionante y poco conocida a la que merece la pena asomarse.<\/p>\n<p>El autor: Naci\u00f3 en Madrid en 1960. \u00a0Licenciado en Geograf\u00eda e Historia, especialidad de Historia Antigua y Medieval, por la Universidad Aut\u00f3noma de Madrid. Despu\u00e9s de ejercer durante un par de a\u00f1os como arque\u00f3logo en proyectos relacionados con la Edad Media peninsular, fund\u00f3 con un amigo la librer\u00eda Tipo, especializada en arqueolog\u00eda y antropolog\u00eda.\u00a0Como escritor, tiene una trayectoria plena de reconocimientos abordando tem\u00e1ticas originales, desde su primera novela, &#8220;El olor de las especias&#8221;, en adelante.<\/p>\n<p>El presente libro ha sido publicado recientemente por Editorial Azul S.A.<\/p>\n<p>Presenta la obra y a su autor: Jos\u00e9 Manuel Lucia Meg\u00edas<\/p>\n<p>Organiza: Editorial Azul S.A.<\/p>\n","protected":false},"excerpt":{"rendered":"<p>El tiempo que le habr\u00eda tocado vivir a don Alonso Quijano, de haber existido, fue el primer cuarto del siglo XVII, en pleno reinado de Felipe III, bajo el gobierno&hellip;<\/p>\n","protected":false},"author":11,"featured_media":1806,"comment_status":"closed","ping_status":"closed","sticky":false,"template":"","format":"standard","meta":{"_acf_changed":false,"footnotes":""},"categories":[44],"tags":[],"class_list":["post-1339","post","type-post","status-publish","format-standard","has-post-thumbnail","hentry","category-festival-2016"],"acf":[],"_links":{"self":[{"href":"https:\/\/ciudadcervantina.org.ar\/v2016\/wp-json\/wp\/v2\/posts\/1339","targetHints":{"allow":["GET"]}}],"collection":[{"href":"https:\/\/ciudadcervantina.org.ar\/v2016\/wp-json\/wp\/v2\/posts"}],"about":[{"href":"https:\/\/ciudadcervantina.org.ar\/v2016\/wp-json\/wp\/v2\/types\/post"}],"author":[{"embeddable":true,"href":"https:\/\/ciudadcervantina.org.ar\/v2016\/wp-json\/wp\/v2\/users\/11"}],"replies":[{"embeddable":true,"href":"https:\/\/ciudadcervantina.org.ar\/v2016\/wp-json\/wp\/v2\/comments?post=1339"}],"version-history":[{"count":1,"href":"https:\/\/ciudadcervantina.org.ar\/v2016\/wp-json\/wp\/v2\/posts\/1339\/revisions"}],"predecessor-version":[{"id":1340,"href":"https:\/\/ciudadcervantina.org.ar\/v2016\/wp-json\/wp\/v2\/posts\/1339\/revisions\/1340"}],"wp:featuredmedia":[{"embeddable":true,"href":"https:\/\/ciudadcervantina.org.ar\/v2016\/wp-json\/wp\/v2\/media\/1806"}],"wp:attachment":[{"href":"https:\/\/ciudadcervantina.org.ar\/v2016\/wp-json\/wp\/v2\/media?parent=1339"}],"wp:term":[{"taxonomy":"category","embeddable":true,"href":"https:\/\/ciudadcervantina.org.ar\/v2016\/wp-json\/wp\/v2\/categories?post=1339"},{"taxonomy":"post_tag","embeddable":true,"href":"https:\/\/ciudadcervantina.org.ar\/v2016\/wp-json\/wp\/v2\/tags?post=1339"}],"curies":[{"name":"wp","href":"https:\/\/api.w.org\/{rel}","templated":true}]}}