{"id":1355,"date":"2016-10-20T09:12:31","date_gmt":"2016-10-20T12:12:31","guid":{"rendered":"https:\/\/ciudadcervantina.org.ar\/v2016\/?p=1355"},"modified":"2016-11-09T13:25:15","modified_gmt":"2016-11-09T16:25:15","slug":"10-encuentro-literario-distrital","status":"publish","type":"post","link":"https:\/\/ciudadcervantina.org.ar\/v2016\/10-encuentro-literario-distrital\/","title":{"rendered":"10\u00b0 Encuentro Literario Distrital"},"content":{"rendered":"<p>El \u201cEncuentro Literario Distrital\u201d es un espacio de intercambio que convoca a docentes y alumnos de escuelas p\u00fablicas del distrito, del nivel primario y de los jardines y secundarias que articulan con las escuelas organizadoras.<\/p>\n<p>En el mismo, cada instituci\u00f3n realiza el cierre de los proyectos literarios con los que ha trabajado durante todo el a\u00f1o.<\/p>\n<p>Se divide en dos muestras:<\/p>\n<p>Muestra est\u00e1tica: compuesta por exposici\u00f3n de afiches, fotos, dibujos, maquetas, megalibros, galer\u00edas de im\u00e1genes.<\/p>\n<p>Muestra din\u00e1mica: representada por dramatizaciones, desfiles de personajes literarios, t\u00edteres y canciones.<\/p>\n<p>La actividad se desarrollar\u00e1 hasta las 16 horas.<\/p>\n<p>En caso de lluvia se posterga para el mi\u00e9rcoles 23 de noviembre en el mismo horario.<\/p>\n<p>Comisi\u00f3n Organizadora del Encuentro Literario: Escuelas Primarias N\u00b0 7, 14 y 18.<\/p>\n","protected":false},"excerpt":{"rendered":"<p>El \u201cEncuentro Literario Distrital\u201d es un espacio de intercambio que convoca a docentes y alumnos de escuelas p\u00fablicas del distrito, del nivel primario y de los jardines y secundarias que&hellip;<\/p>\n","protected":false},"author":11,"featured_media":1820,"comment_status":"closed","ping_status":"closed","sticky":false,"template":"","format":"standard","meta":{"_acf_changed":false,"footnotes":""},"categories":[44],"tags":[],"class_list":["post-1355","post","type-post","status-publish","format-standard","has-post-thumbnail","hentry","category-festival-2016"],"acf":[],"_links":{"self":[{"href":"https:\/\/ciudadcervantina.org.ar\/v2016\/wp-json\/wp\/v2\/posts\/1355","targetHints":{"allow":["GET"]}}],"collection":[{"href":"https:\/\/ciudadcervantina.org.ar\/v2016\/wp-json\/wp\/v2\/posts"}],"about":[{"href":"https:\/\/ciudadcervantina.org.ar\/v2016\/wp-json\/wp\/v2\/types\/post"}],"author":[{"embeddable":true,"href":"https:\/\/ciudadcervantina.org.ar\/v2016\/wp-json\/wp\/v2\/users\/11"}],"replies":[{"embeddable":true,"href":"https:\/\/ciudadcervantina.org.ar\/v2016\/wp-json\/wp\/v2\/comments?post=1355"}],"version-history":[{"count":1,"href":"https:\/\/ciudadcervantina.org.ar\/v2016\/wp-json\/wp\/v2\/posts\/1355\/revisions"}],"predecessor-version":[{"id":1356,"href":"https:\/\/ciudadcervantina.org.ar\/v2016\/wp-json\/wp\/v2\/posts\/1355\/revisions\/1356"}],"wp:featuredmedia":[{"embeddable":true,"href":"https:\/\/ciudadcervantina.org.ar\/v2016\/wp-json\/wp\/v2\/media\/1820"}],"wp:attachment":[{"href":"https:\/\/ciudadcervantina.org.ar\/v2016\/wp-json\/wp\/v2\/media?parent=1355"}],"wp:term":[{"taxonomy":"category","embeddable":true,"href":"https:\/\/ciudadcervantina.org.ar\/v2016\/wp-json\/wp\/v2\/categories?post=1355"},{"taxonomy":"post_tag","embeddable":true,"href":"https:\/\/ciudadcervantina.org.ar\/v2016\/wp-json\/wp\/v2\/tags?post=1355"}],"curies":[{"name":"wp","href":"https:\/\/api.w.org\/{rel}","templated":true}]}}