{"id":1361,"date":"2016-10-20T09:26:03","date_gmt":"2016-10-20T12:26:03","guid":{"rendered":"https:\/\/ciudadcervantina.org.ar\/v2016\/?p=1361"},"modified":"2016-11-09T13:28:21","modified_gmt":"2016-11-09T16:28:21","slug":"la-linea-azul","status":"publish","type":"post","link":"https:\/\/ciudadcervantina.org.ar\/v2016\/la-linea-azul\/","title":{"rendered":"La l\u00ednea Azul"},"content":{"rendered":"<p>La l\u00ednea Azul consiste en trazar un recorrido e intervenirlo art\u00edsticamente. Este corredor, previamente definido con los vecinos como el t\u00edpico y habitual camino que hacen al moverse al \u201ccentro\u201d de la ciudad, se ver\u00e1 transformado a trav\u00e9s del arte urbano en una experiencia est\u00e9tico-creativa.\u00a0Todas las intervenciones estar\u00e1n conceptualmente vinculadas a la idiosincrasia propia de los barrios atravesados por la l\u00ednea Azul.<\/p>\n<p>Participan: Fundaci\u00f3n Avina, Jefatura Distrital de Educaci\u00f3n, Ministerio de Desarrollo Social de la Naci\u00f3n, Ministerio de Cultura de la Naci\u00f3n, Municipalidad de Azul (Direcciones de Cultura, Educaci\u00f3n, de Comisiones Barriales, de Urbanismo, de Control Urbano, Centro Cultural Soles y Fogatas y Unidad Sanitaria N\u00b0 4)<\/p>\n<p>Organizan: Asociaci\u00f3n Azul Solidario y Fundaci\u00f3n Crear Vale la Pena<\/p>\n<p>Auspician: Ministerio de Desarrollo Social de la Naci\u00f3n y Municipalidad de Azul<\/p>\n","protected":false},"excerpt":{"rendered":"<p>La l\u00ednea Azul consiste en trazar un recorrido e intervenirlo art\u00edsticamente. Este corredor, previamente definido con los vecinos como el t\u00edpico y habitual camino que hacen al moverse al \u201ccentro\u201d&hellip;<\/p>\n","protected":false},"author":11,"featured_media":1823,"comment_status":"closed","ping_status":"closed","sticky":false,"template":"","format":"standard","meta":{"_acf_changed":false,"footnotes":""},"categories":[44],"tags":[],"class_list":["post-1361","post","type-post","status-publish","format-standard","has-post-thumbnail","hentry","category-festival-2016"],"acf":[],"_links":{"self":[{"href":"https:\/\/ciudadcervantina.org.ar\/v2016\/wp-json\/wp\/v2\/posts\/1361","targetHints":{"allow":["GET"]}}],"collection":[{"href":"https:\/\/ciudadcervantina.org.ar\/v2016\/wp-json\/wp\/v2\/posts"}],"about":[{"href":"https:\/\/ciudadcervantina.org.ar\/v2016\/wp-json\/wp\/v2\/types\/post"}],"author":[{"embeddable":true,"href":"https:\/\/ciudadcervantina.org.ar\/v2016\/wp-json\/wp\/v2\/users\/11"}],"replies":[{"embeddable":true,"href":"https:\/\/ciudadcervantina.org.ar\/v2016\/wp-json\/wp\/v2\/comments?post=1361"}],"version-history":[{"count":2,"href":"https:\/\/ciudadcervantina.org.ar\/v2016\/wp-json\/wp\/v2\/posts\/1361\/revisions"}],"predecessor-version":[{"id":1363,"href":"https:\/\/ciudadcervantina.org.ar\/v2016\/wp-json\/wp\/v2\/posts\/1361\/revisions\/1363"}],"wp:featuredmedia":[{"embeddable":true,"href":"https:\/\/ciudadcervantina.org.ar\/v2016\/wp-json\/wp\/v2\/media\/1823"}],"wp:attachment":[{"href":"https:\/\/ciudadcervantina.org.ar\/v2016\/wp-json\/wp\/v2\/media?parent=1361"}],"wp:term":[{"taxonomy":"category","embeddable":true,"href":"https:\/\/ciudadcervantina.org.ar\/v2016\/wp-json\/wp\/v2\/categories?post=1361"},{"taxonomy":"post_tag","embeddable":true,"href":"https:\/\/ciudadcervantina.org.ar\/v2016\/wp-json\/wp\/v2\/tags?post=1361"}],"curies":[{"name":"wp","href":"https:\/\/api.w.org\/{rel}","templated":true}]}}