{"id":1372,"date":"2016-10-20T09:48:48","date_gmt":"2016-10-20T12:48:48","guid":{"rendered":"https:\/\/ciudadcervantina.org.ar\/v2016\/?p=1372"},"modified":"2016-11-13T10:32:54","modified_gmt":"2016-11-13T13:32:54","slug":"ana-paula-da-silva-presenta-raiz-forte","status":"publish","type":"post","link":"https:\/\/ciudadcervantina.org.ar\/v2016\/ana-paula-da-silva-presenta-raiz-forte\/","title":{"rendered":"Ana Paula Da Silva presenta Ra\u00edz Forte"},"content":{"rendered":"<p>Ana Paula Da Silva, compositora int\u00e9rprete y productora de sus obras y otros proyectos culturales, habita el sur de Brasil, cercana a la triple frontera, influyendo en su sensibilidad y en su m\u00fasica \u00e9sta geograf\u00eda que la emparenta a autores uruguayos y argentinos. Hasta la actualidad ha lanzado seis \u00e1lbumes y produjo un libro de canciones. Realiza conciertos y giras en Brasil y en el extranjero, incluyendo varios pa\u00edses de Europa. Mejor cantante femenina (2015), en Brasilia fue finalista como mejor int\u00e9rprete en la concesi\u00f3n de la m\u00fasica profesional en 2014. Luego de su disco Pe de Crioula, una de las mejores voces de Brasil hoy, con Ra\u00edz Forte, se potencian todos sus talentos.<\/p>\n<p>Ana Paula da Silva, Voz, guitarra y Percusi\u00f3n; Davi Sartori, Piano; y William Goe, Bater\u00eda y Percusi\u00f3n.<\/p>\n","protected":false},"excerpt":{"rendered":"<p>Ana Paula Da Silva, compositora int\u00e9rprete y productora de sus obras y otros proyectos culturales, habita el sur de Brasil, cercana a la triple frontera, influyendo en su sensibilidad y&hellip;<\/p>\n","protected":false},"author":11,"featured_media":1817,"comment_status":"closed","ping_status":"closed","sticky":false,"template":"","format":"standard","meta":{"_acf_changed":false,"footnotes":""},"categories":[44],"tags":[],"class_list":["post-1372","post","type-post","status-publish","format-standard","has-post-thumbnail","hentry","category-festival-2016"],"acf":[],"_links":{"self":[{"href":"https:\/\/ciudadcervantina.org.ar\/v2016\/wp-json\/wp\/v2\/posts\/1372","targetHints":{"allow":["GET"]}}],"collection":[{"href":"https:\/\/ciudadcervantina.org.ar\/v2016\/wp-json\/wp\/v2\/posts"}],"about":[{"href":"https:\/\/ciudadcervantina.org.ar\/v2016\/wp-json\/wp\/v2\/types\/post"}],"author":[{"embeddable":true,"href":"https:\/\/ciudadcervantina.org.ar\/v2016\/wp-json\/wp\/v2\/users\/11"}],"replies":[{"embeddable":true,"href":"https:\/\/ciudadcervantina.org.ar\/v2016\/wp-json\/wp\/v2\/comments?post=1372"}],"version-history":[{"count":1,"href":"https:\/\/ciudadcervantina.org.ar\/v2016\/wp-json\/wp\/v2\/posts\/1372\/revisions"}],"predecessor-version":[{"id":1373,"href":"https:\/\/ciudadcervantina.org.ar\/v2016\/wp-json\/wp\/v2\/posts\/1372\/revisions\/1373"}],"wp:featuredmedia":[{"embeddable":true,"href":"https:\/\/ciudadcervantina.org.ar\/v2016\/wp-json\/wp\/v2\/media\/1817"}],"wp:attachment":[{"href":"https:\/\/ciudadcervantina.org.ar\/v2016\/wp-json\/wp\/v2\/media?parent=1372"}],"wp:term":[{"taxonomy":"category","embeddable":true,"href":"https:\/\/ciudadcervantina.org.ar\/v2016\/wp-json\/wp\/v2\/categories?post=1372"},{"taxonomy":"post_tag","embeddable":true,"href":"https:\/\/ciudadcervantina.org.ar\/v2016\/wp-json\/wp\/v2\/tags?post=1372"}],"curies":[{"name":"wp","href":"https:\/\/api.w.org\/{rel}","templated":true}]}}