{"id":4607,"date":"2024-10-30T10:39:42","date_gmt":"2024-10-30T13:39:42","guid":{"rendered":"https:\/\/ciudadcervantina.org.ar\/v2016\/?p=4607"},"modified":"2025-07-12T09:50:02","modified_gmt":"2025-07-12T12:50:02","slug":"collar-de-perlas-brasil","status":"publish","type":"post","link":"https:\/\/ciudadcervantina.org.ar\/v2016\/collar-de-perlas-brasil\/","title":{"rendered":"\u201cCollar de Perlas\u201d, Brasil"},"content":{"rendered":"<p>Es la invitaci\u00f3n a un conmovedor viaje narrado por una Actriz &#8211; Cantante quien nos revelar\u00e1 como la m\u00fasica brasile\u00f1a fue la llave de la libertad en el imaginario de varias generaciones.<\/p>\n<p>Sus relatos como perlas hiladas, nos llevan desde los patios de juegos de su infancia hasta su adultez, y todo acompa\u00f1ado con canciones inolvidables, desde Vinicius de Moraes, Roberto Carlos, Caetano Veloso, entre otros.<\/p>\n","protected":false},"excerpt":{"rendered":"<p>Es la invitaci\u00f3n a un conmovedor viaje narrado por una Actriz &#8211; Cantante quien nos revelar\u00e1 como la m\u00fasica brasile\u00f1a fue la llave de la libertad en el imaginario de&hellip;<\/p>\n","protected":false},"author":11,"featured_media":4608,"comment_status":"closed","ping_status":"closed","sticky":false,"template":"","format":"standard","meta":{"_acf_changed":false,"footnotes":""},"categories":[337],"tags":[],"class_list":["post-4607","post","type-post","status-publish","format-standard","has-post-thumbnail","hentry","category-festival-2024","lugar-vivero-cultural-la-salita","tipo_evento-artes-escenicas"],"acf":[],"_links":{"self":[{"href":"https:\/\/ciudadcervantina.org.ar\/v2016\/wp-json\/wp\/v2\/posts\/4607","targetHints":{"allow":["GET"]}}],"collection":[{"href":"https:\/\/ciudadcervantina.org.ar\/v2016\/wp-json\/wp\/v2\/posts"}],"about":[{"href":"https:\/\/ciudadcervantina.org.ar\/v2016\/wp-json\/wp\/v2\/types\/post"}],"author":[{"embeddable":true,"href":"https:\/\/ciudadcervantina.org.ar\/v2016\/wp-json\/wp\/v2\/users\/11"}],"replies":[{"embeddable":true,"href":"https:\/\/ciudadcervantina.org.ar\/v2016\/wp-json\/wp\/v2\/comments?post=4607"}],"version-history":[{"count":1,"href":"https:\/\/ciudadcervantina.org.ar\/v2016\/wp-json\/wp\/v2\/posts\/4607\/revisions"}],"predecessor-version":[{"id":4889,"href":"https:\/\/ciudadcervantina.org.ar\/v2016\/wp-json\/wp\/v2\/posts\/4607\/revisions\/4889"}],"wp:featuredmedia":[{"embeddable":true,"href":"https:\/\/ciudadcervantina.org.ar\/v2016\/wp-json\/wp\/v2\/media\/4608"}],"wp:attachment":[{"href":"https:\/\/ciudadcervantina.org.ar\/v2016\/wp-json\/wp\/v2\/media?parent=4607"}],"wp:term":[{"taxonomy":"category","embeddable":true,"href":"https:\/\/ciudadcervantina.org.ar\/v2016\/wp-json\/wp\/v2\/categories?post=4607"},{"taxonomy":"post_tag","embeddable":true,"href":"https:\/\/ciudadcervantina.org.ar\/v2016\/wp-json\/wp\/v2\/tags?post=4607"}],"curies":[{"name":"wp","href":"https:\/\/api.w.org\/{rel}","templated":true}]}}